{"id":365542,"date":"2025-10-07T08:01:36","date_gmt":"2025-10-07T06:01:36","guid":{"rendered":"https:\/\/arffda.com\/?p=365542"},"modified":"2025-10-07T08:11:11","modified_gmt":"2025-10-07T06:11:11","slug":"das-war-die-arff-working-group-annual-conference-2025","status":"publish","type":"post","link":"https:\/\/arffda.com\/de\/das-war-die-arff-working-group-annual-conference-2025\/","title":{"rendered":"Das war die ARFF Working Group Annual Conference 2025!"},"content":{"rendered":"\n<p>Ich blicke zur\u00fcck auf eine Woche voller intensiver Gespr\u00e4che, spannender Begegnungen und wertvollem fachlichen Austausch. \u00dcber 450 Teilnehmerinnen und Teilnehmer aus der ganzen Welt \u2013 von Argentinien, Panama, den USA und Kanada bis hin zu den Niederlanden, Deutschland und D\u00e4nemark \u2013 haben diese Konferenz zu einem echten internationalen Highlight gemacht. <\/p>\n\n\n\n<p>Im Rahmen der Veranstaltung fand auch die Sitzung der Section 11 der ARFFWG statt. Ich gratuliere <a href=\"https:\/\/nl.linkedin.com\/in\/wijnandklein?trk=public_post-text\">Wijnand K.<\/a> herzlich zur Ernennung als neuer Section Director \u2013 eine tolle Wahl! <\/p>\n\n\n\n<p>Ich war mit der ARFF Driving Academy vor Ort und hatte die Gelegenheit, unser Leistungsportfolio zu pr\u00e4sentieren. Das \u00fcberragend positive Feedback, die Wertsch\u00e4tzung und die Unterst\u00fctzung, die wir erfahren haben, haben mich sehr gefreut \u2013 und best\u00e4tigen unsere Mission, Flughafenfeuerwehren weltweit dabei zu unterst\u00fctzen, sicherer und effizienter zu werden. <\/p>\n\n\n\n<p>Besonders spannend: Es ergeben sich bereits neue Perspektiven f\u00fcr unsere Arbeit in den USA \u2013 stay tuned, bald gibt es mehr zu berichten! <\/p>\n\n\n\n<p>Ich hoffe alle Teilnehmer hatten eine gute Heimreise und freue mich schon jetzt auf das n\u00e4chste Wiedersehen! <\/p>\n\n\n\n<p>Wenn Sie mehr \u00fcber die Arbeit der ARFFWG erfahren m\u00f6chten oder Interesse an unseren Leistungen haben, melden Sie sich gerne bei uns: <br>\ud83d\udce7 <a href=\"mailto:info@arffda.com\">info@arffda.com<\/a> <br>\ud83c\udf10 <a href=\"https:\/\/www.arffda.com\">arffda.com<\/a><\/p>\n\n\n\n<p><\/p>\n\n\n\n<p><\/p>\n\n\n\n<figure class=\"wp-block-image size-large is-resized\"><img loading=\"lazy\" decoding=\"async\" width=\"819\" height=\"1024\" src=\"https:\/\/arffda.com\/wp-content\/uploads\/2025\/10\/Group-Annual-Conference-2-819x1024.jpg\" alt=\"\" class=\"wp-image-365548\" style=\"width:435px;height:auto\"\/><\/figure>\n","protected":false},"excerpt":{"rendered":"<p>Ich blicke zur\u00fcck auf eine Woche voller intensiver Gespr\u00e4che, spannender Begegnungen und wertvollem fachlichen Austausch. \u00dcber 450 Teilnehmerinnen und Teilnehmer aus der ganzen Welt \u2013 von Argentinien, Panama, den USA und Kanada bis hin zu den Niederlanden, Deutschland und D\u00e4nemark \u2013 haben diese Konferenz zu einem echten internationalen Highlight gemacht. Im Rahmen der Veranstaltung fand [&hellip;]<\/p>\n","protected":false},"author":1,"featured_media":365543,"comment_status":"open","ping_status":"open","sticky":false,"template":"","format":"standard","meta":{"_et_pb_use_builder":"off","_et_pb_old_content":"","_et_gb_content_width":"1080","footnotes":""},"categories":[50],"tags":[],"dipi_cpt_category":[],"class_list":["post-365542","post","type-post","status-publish","format-standard","has-post-thumbnail","hentry","category-news-2025"],"yoast_head":"<!-- This site is optimized with the Yoast SEO plugin v27.3 - https:\/\/yoast.com\/product\/yoast-seo-wordpress\/ -->\n<title>Das war die ARFF Working Group Annual Conference 2025! - ARFF Driving Academy<\/title>\n<meta name=\"robots\" content=\"index, follow, max-snippet:-1, max-image-preview:large, max-video-preview:-1\" \/>\n<link rel=\"canonical\" href=\"https:\/\/arffda.com\/de\/das-war-die-arff-working-group-annual-conference-2025\/\" \/>\n<meta property=\"og:locale\" content=\"de_DE\" \/>\n<meta property=\"og:type\" content=\"article\" \/>\n<meta property=\"og:title\" content=\"Das war die ARFF Working Group Annual Conference 2025! - ARFF Driving Academy\" \/>\n<meta property=\"og:description\" content=\"Ich blicke zur\u00fcck auf eine Woche voller intensiver Gespr\u00e4che, spannender Begegnungen und wertvollem fachlichen Austausch. \u00dcber 450 Teilnehmerinnen und Teilnehmer aus der ganzen Welt \u2013 von Argentinien, Panama, den USA und Kanada bis hin zu den Niederlanden, Deutschland und D\u00e4nemark \u2013 haben diese Konferenz zu einem echten internationalen Highlight gemacht. Im Rahmen der Veranstaltung fand [&hellip;]\" \/>\n<meta property=\"og:url\" content=\"https:\/\/arffda.com\/de\/das-war-die-arff-working-group-annual-conference-2025\/\" \/>\n<meta property=\"og:site_name\" content=\"ARFF Driving Academy\" \/>\n<meta property=\"article:published_time\" content=\"2025-10-07T06:01:36+00:00\" \/>\n<meta property=\"article:modified_time\" content=\"2025-10-07T06:11:11+00:00\" \/>\n<meta property=\"og:image\" content=\"https:\/\/arffda.com\/wp-content\/uploads\/2025\/10\/Group-Annual-Conference.jpg\" \/>\n\t<meta property=\"og:image:width\" content=\"886\" \/>\n\t<meta property=\"og:image:height\" content=\"561\" \/>\n\t<meta property=\"og:image:type\" content=\"image\/jpeg\" \/>\n<meta name=\"author\" content=\"ARFFDA\" \/>\n<meta name=\"twitter:card\" content=\"summary_large_image\" \/>\n<meta name=\"twitter:label1\" content=\"Verfasst von\" \/>\n\t<meta name=\"twitter:data1\" content=\"ARFFDA\" \/>\n\t<meta name=\"twitter:label2\" content=\"Gesch\u00e4tzte Lesezeit\" \/>\n\t<meta name=\"twitter:data2\" content=\"2\u00a0Minuten\" \/>\n<script type=\"application\/ld+json\" class=\"yoast-schema-graph\">{\"@context\":\"https:\\\/\\\/schema.org\",\"@graph\":[{\"@type\":\"Article\",\"@id\":\"https:\\\/\\\/arffda.com\\\/de\\\/das-war-die-arff-working-group-annual-conference-2025\\\/#article\",\"isPartOf\":{\"@id\":\"https:\\\/\\\/arffda.com\\\/de\\\/das-war-die-arff-working-group-annual-conference-2025\\\/\"},\"author\":{\"name\":\"ARFFDA\",\"@id\":\"https:\\\/\\\/arffda.com\\\/de\\\/#\\\/schema\\\/person\\\/ebc94451736c6c1dce35746c442a1b36\"},\"headline\":\"Das war die ARFF Working Group Annual Conference 2025!\",\"datePublished\":\"2025-10-07T06:01:36+00:00\",\"dateModified\":\"2025-10-07T06:11:11+00:00\",\"mainEntityOfPage\":{\"@id\":\"https:\\\/\\\/arffda.com\\\/de\\\/das-war-die-arff-working-group-annual-conference-2025\\\/\"},\"wordCount\":207,\"commentCount\":0,\"image\":{\"@id\":\"https:\\\/\\\/arffda.com\\\/de\\\/das-war-die-arff-working-group-annual-conference-2025\\\/#primaryimage\"},\"thumbnailUrl\":\"https:\\\/\\\/arffda.com\\\/wp-content\\\/uploads\\\/2025\\\/10\\\/Group-Annual-Conference.jpg\",\"articleSection\":[\"News 2025\"],\"inLanguage\":\"de\",\"potentialAction\":[{\"@type\":\"CommentAction\",\"name\":\"Comment\",\"target\":[\"https:\\\/\\\/arffda.com\\\/de\\\/das-war-die-arff-working-group-annual-conference-2025\\\/#respond\"]}]},{\"@type\":\"WebPage\",\"@id\":\"https:\\\/\\\/arffda.com\\\/de\\\/das-war-die-arff-working-group-annual-conference-2025\\\/\",\"url\":\"https:\\\/\\\/arffda.com\\\/de\\\/das-war-die-arff-working-group-annual-conference-2025\\\/\",\"name\":\"Das war die ARFF Working Group Annual Conference 2025! - ARFF Driving Academy\",\"isPartOf\":{\"@id\":\"https:\\\/\\\/arffda.com\\\/de\\\/#website\"},\"primaryImageOfPage\":{\"@id\":\"https:\\\/\\\/arffda.com\\\/de\\\/das-war-die-arff-working-group-annual-conference-2025\\\/#primaryimage\"},\"image\":{\"@id\":\"https:\\\/\\\/arffda.com\\\/de\\\/das-war-die-arff-working-group-annual-conference-2025\\\/#primaryimage\"},\"thumbnailUrl\":\"https:\\\/\\\/arffda.com\\\/wp-content\\\/uploads\\\/2025\\\/10\\\/Group-Annual-Conference.jpg\",\"datePublished\":\"2025-10-07T06:01:36+00:00\",\"dateModified\":\"2025-10-07T06:11:11+00:00\",\"author\":{\"@id\":\"https:\\\/\\\/arffda.com\\\/de\\\/#\\\/schema\\\/person\\\/ebc94451736c6c1dce35746c442a1b36\"},\"breadcrumb\":{\"@id\":\"https:\\\/\\\/arffda.com\\\/de\\\/das-war-die-arff-working-group-annual-conference-2025\\\/#breadcrumb\"},\"inLanguage\":\"de\",\"potentialAction\":[{\"@type\":\"ReadAction\",\"target\":[\"https:\\\/\\\/arffda.com\\\/de\\\/das-war-die-arff-working-group-annual-conference-2025\\\/\"]}]},{\"@type\":\"ImageObject\",\"inLanguage\":\"de\",\"@id\":\"https:\\\/\\\/arffda.com\\\/de\\\/das-war-die-arff-working-group-annual-conference-2025\\\/#primaryimage\",\"url\":\"https:\\\/\\\/arffda.com\\\/wp-content\\\/uploads\\\/2025\\\/10\\\/Group-Annual-Conference.jpg\",\"contentUrl\":\"https:\\\/\\\/arffda.com\\\/wp-content\\\/uploads\\\/2025\\\/10\\\/Group-Annual-Conference.jpg\",\"width\":886,\"height\":561},{\"@type\":\"BreadcrumbList\",\"@id\":\"https:\\\/\\\/arffda.com\\\/de\\\/das-war-die-arff-working-group-annual-conference-2025\\\/#breadcrumb\",\"itemListElement\":[{\"@type\":\"ListItem\",\"position\":1,\"name\":\"Startseite\",\"item\":\"https:\\\/\\\/arffda.com\\\/de\\\/\"},{\"@type\":\"ListItem\",\"position\":2,\"name\":\"Das war die ARFF Working Group Annual Conference 2025!\"}]},{\"@type\":\"WebSite\",\"@id\":\"https:\\\/\\\/arffda.com\\\/de\\\/#website\",\"url\":\"https:\\\/\\\/arffda.com\\\/de\\\/\",\"name\":\"ARFF Driving Academy\",\"description\":\"\",\"potentialAction\":[{\"@type\":\"SearchAction\",\"target\":{\"@type\":\"EntryPoint\",\"urlTemplate\":\"https:\\\/\\\/arffda.com\\\/de\\\/?s={search_term_string}\"},\"query-input\":{\"@type\":\"PropertyValueSpecification\",\"valueRequired\":true,\"valueName\":\"search_term_string\"}}],\"inLanguage\":\"de\"},{\"@type\":\"Person\",\"@id\":\"https:\\\/\\\/arffda.com\\\/de\\\/#\\\/schema\\\/person\\\/ebc94451736c6c1dce35746c442a1b36\",\"name\":\"ARFFDA\",\"image\":{\"@type\":\"ImageObject\",\"inLanguage\":\"de\",\"@id\":\"https:\\\/\\\/secure.gravatar.com\\\/avatar\\\/2132821f1c6e066cd8f7e5095864dc2e45d6b7d630b1dfe762a68ecaeb2369db?s=96&d=mm&r=g\",\"url\":\"https:\\\/\\\/secure.gravatar.com\\\/avatar\\\/2132821f1c6e066cd8f7e5095864dc2e45d6b7d630b1dfe762a68ecaeb2369db?s=96&d=mm&r=g\",\"contentUrl\":\"https:\\\/\\\/secure.gravatar.com\\\/avatar\\\/2132821f1c6e066cd8f7e5095864dc2e45d6b7d630b1dfe762a68ecaeb2369db?s=96&d=mm&r=g\",\"caption\":\"ARFFDA\"},\"sameAs\":[\"https:\\\/\\\/arffda.com\"],\"url\":\"https:\\\/\\\/arffda.com\\\/de\\\/author\\\/q-onsult_arffda\\\/\"}]}<\/script>\n<!-- \/ Yoast SEO plugin. -->","yoast_head_json":{"title":"Das war die ARFF Working Group Annual Conference 2025! - ARFF Driving Academy","robots":{"index":"index","follow":"follow","max-snippet":"max-snippet:-1","max-image-preview":"max-image-preview:large","max-video-preview":"max-video-preview:-1"},"canonical":"https:\/\/arffda.com\/de\/das-war-die-arff-working-group-annual-conference-2025\/","og_locale":"de_DE","og_type":"article","og_title":"Das war die ARFF Working Group Annual Conference 2025! - ARFF Driving Academy","og_description":"Ich blicke zur\u00fcck auf eine Woche voller intensiver Gespr\u00e4che, spannender Begegnungen und wertvollem fachlichen Austausch. \u00dcber 450 Teilnehmerinnen und Teilnehmer aus der ganzen Welt \u2013 von Argentinien, Panama, den USA und Kanada bis hin zu den Niederlanden, Deutschland und D\u00e4nemark \u2013 haben diese Konferenz zu einem echten internationalen Highlight gemacht. Im Rahmen der Veranstaltung fand [&hellip;]","og_url":"https:\/\/arffda.com\/de\/das-war-die-arff-working-group-annual-conference-2025\/","og_site_name":"ARFF Driving Academy","article_published_time":"2025-10-07T06:01:36+00:00","article_modified_time":"2025-10-07T06:11:11+00:00","og_image":[{"width":886,"height":561,"url":"https:\/\/arffda.com\/wp-content\/uploads\/2025\/10\/Group-Annual-Conference.jpg","type":"image\/jpeg"}],"author":"ARFFDA","twitter_card":"summary_large_image","twitter_misc":{"Verfasst von":"ARFFDA","Gesch\u00e4tzte Lesezeit":"2\u00a0Minuten"},"schema":{"@context":"https:\/\/schema.org","@graph":[{"@type":"Article","@id":"https:\/\/arffda.com\/de\/das-war-die-arff-working-group-annual-conference-2025\/#article","isPartOf":{"@id":"https:\/\/arffda.com\/de\/das-war-die-arff-working-group-annual-conference-2025\/"},"author":{"name":"ARFFDA","@id":"https:\/\/arffda.com\/de\/#\/schema\/person\/ebc94451736c6c1dce35746c442a1b36"},"headline":"Das war die ARFF Working Group Annual Conference 2025!","datePublished":"2025-10-07T06:01:36+00:00","dateModified":"2025-10-07T06:11:11+00:00","mainEntityOfPage":{"@id":"https:\/\/arffda.com\/de\/das-war-die-arff-working-group-annual-conference-2025\/"},"wordCount":207,"commentCount":0,"image":{"@id":"https:\/\/arffda.com\/de\/das-war-die-arff-working-group-annual-conference-2025\/#primaryimage"},"thumbnailUrl":"https:\/\/arffda.com\/wp-content\/uploads\/2025\/10\/Group-Annual-Conference.jpg","articleSection":["News 2025"],"inLanguage":"de","potentialAction":[{"@type":"CommentAction","name":"Comment","target":["https:\/\/arffda.com\/de\/das-war-die-arff-working-group-annual-conference-2025\/#respond"]}]},{"@type":"WebPage","@id":"https:\/\/arffda.com\/de\/das-war-die-arff-working-group-annual-conference-2025\/","url":"https:\/\/arffda.com\/de\/das-war-die-arff-working-group-annual-conference-2025\/","name":"Das war die ARFF Working Group Annual Conference 2025! - ARFF Driving Academy","isPartOf":{"@id":"https:\/\/arffda.com\/de\/#website"},"primaryImageOfPage":{"@id":"https:\/\/arffda.com\/de\/das-war-die-arff-working-group-annual-conference-2025\/#primaryimage"},"image":{"@id":"https:\/\/arffda.com\/de\/das-war-die-arff-working-group-annual-conference-2025\/#primaryimage"},"thumbnailUrl":"https:\/\/arffda.com\/wp-content\/uploads\/2025\/10\/Group-Annual-Conference.jpg","datePublished":"2025-10-07T06:01:36+00:00","dateModified":"2025-10-07T06:11:11+00:00","author":{"@id":"https:\/\/arffda.com\/de\/#\/schema\/person\/ebc94451736c6c1dce35746c442a1b36"},"breadcrumb":{"@id":"https:\/\/arffda.com\/de\/das-war-die-arff-working-group-annual-conference-2025\/#breadcrumb"},"inLanguage":"de","potentialAction":[{"@type":"ReadAction","target":["https:\/\/arffda.com\/de\/das-war-die-arff-working-group-annual-conference-2025\/"]}]},{"@type":"ImageObject","inLanguage":"de","@id":"https:\/\/arffda.com\/de\/das-war-die-arff-working-group-annual-conference-2025\/#primaryimage","url":"https:\/\/arffda.com\/wp-content\/uploads\/2025\/10\/Group-Annual-Conference.jpg","contentUrl":"https:\/\/arffda.com\/wp-content\/uploads\/2025\/10\/Group-Annual-Conference.jpg","width":886,"height":561},{"@type":"BreadcrumbList","@id":"https:\/\/arffda.com\/de\/das-war-die-arff-working-group-annual-conference-2025\/#breadcrumb","itemListElement":[{"@type":"ListItem","position":1,"name":"Startseite","item":"https:\/\/arffda.com\/de\/"},{"@type":"ListItem","position":2,"name":"Das war die ARFF Working Group Annual Conference 2025!"}]},{"@type":"WebSite","@id":"https:\/\/arffda.com\/de\/#website","url":"https:\/\/arffda.com\/de\/","name":"ARFF Driving Academy","description":"","potentialAction":[{"@type":"SearchAction","target":{"@type":"EntryPoint","urlTemplate":"https:\/\/arffda.com\/de\/?s={search_term_string}"},"query-input":{"@type":"PropertyValueSpecification","valueRequired":true,"valueName":"search_term_string"}}],"inLanguage":"de"},{"@type":"Person","@id":"https:\/\/arffda.com\/de\/#\/schema\/person\/ebc94451736c6c1dce35746c442a1b36","name":"ARFFDA","image":{"@type":"ImageObject","inLanguage":"de","@id":"https:\/\/secure.gravatar.com\/avatar\/2132821f1c6e066cd8f7e5095864dc2e45d6b7d630b1dfe762a68ecaeb2369db?s=96&d=mm&r=g","url":"https:\/\/secure.gravatar.com\/avatar\/2132821f1c6e066cd8f7e5095864dc2e45d6b7d630b1dfe762a68ecaeb2369db?s=96&d=mm&r=g","contentUrl":"https:\/\/secure.gravatar.com\/avatar\/2132821f1c6e066cd8f7e5095864dc2e45d6b7d630b1dfe762a68ecaeb2369db?s=96&d=mm&r=g","caption":"ARFFDA"},"sameAs":["https:\/\/arffda.com"],"url":"https:\/\/arffda.com\/de\/author\/q-onsult_arffda\/"}]}},"_links":{"self":[{"href":"https:\/\/arffda.com\/de\/wp-json\/wp\/v2\/posts\/365542","targetHints":{"allow":["GET"]}}],"collection":[{"href":"https:\/\/arffda.com\/de\/wp-json\/wp\/v2\/posts"}],"about":[{"href":"https:\/\/arffda.com\/de\/wp-json\/wp\/v2\/types\/post"}],"author":[{"embeddable":true,"href":"https:\/\/arffda.com\/de\/wp-json\/wp\/v2\/users\/1"}],"replies":[{"embeddable":true,"href":"https:\/\/arffda.com\/de\/wp-json\/wp\/v2\/comments?post=365542"}],"version-history":[{"count":7,"href":"https:\/\/arffda.com\/de\/wp-json\/wp\/v2\/posts\/365542\/revisions"}],"predecessor-version":[{"id":365559,"href":"https:\/\/arffda.com\/de\/wp-json\/wp\/v2\/posts\/365542\/revisions\/365559"}],"wp:featuredmedia":[{"embeddable":true,"href":"https:\/\/arffda.com\/de\/wp-json\/wp\/v2\/media\/365543"}],"wp:attachment":[{"href":"https:\/\/arffda.com\/de\/wp-json\/wp\/v2\/media?parent=365542"}],"wp:term":[{"taxonomy":"category","embeddable":true,"href":"https:\/\/arffda.com\/de\/wp-json\/wp\/v2\/categories?post=365542"},{"taxonomy":"post_tag","embeddable":true,"href":"https:\/\/arffda.com\/de\/wp-json\/wp\/v2\/tags?post=365542"},{"taxonomy":"dipi_cpt_category","embeddable":true,"href":"https:\/\/arffda.com\/de\/wp-json\/wp\/v2\/dipi_cpt_category?post=365542"}],"curies":[{"name":"wp","href":"https:\/\/api.w.org\/{rel}","templated":true}]}}