{"id":364037,"date":"2024-04-23T06:59:07","date_gmt":"2024-04-23T04:59:07","guid":{"rendered":"https:\/\/arffda.com\/?p=364037"},"modified":"2024-04-23T07:47:24","modified_gmt":"2024-04-23T05:47:24","slug":"411-hybrid-arff-fahrertraining-am-flughafen-koeln-bonn","status":"publish","type":"post","link":"https:\/\/arffda.com\/de\/411-hybrid-arff-fahrertraining-am-flughafen-koeln-bonn\/","title":{"rendered":"411 Hybrid ARFF-Fahrertraining am Flughafen K\u00f6ln Bonn"},"content":{"rendered":"\n<p>Acht Ausbilder nahmen an unserem ARFF-Fahrertraining teil, das speziell auf das Fahren mit Flugfeldl\u00f6schfahrzeugen zugeschnitten ist.<\/p>\n\n\n\n<p>Unser Training zielt darauf ab, die Sicherheit zu verbessern, schnelle Reaktionszeiten sicherzustellen und den Verschlei\u00df der Fahrzeuge zu reduzieren.<\/p>\n\n\n\n<p>Themen wie theoretische Grundlagen, richtige Bremsstrategien, effizientes und sicheres Kurvenfahren sowie das Reagieren auf kritische Fahrsituationen stehen im Mittelpunkt dieses EASA-konformen Schulungsprogramms.<\/p>\n\n\n\n<p>Durch das luftfahrtkonforme Design des Schulungsprogramms und klare Bewertungs-kriterien wird erstmals eine Grundlage f\u00fcr einheitliches Fahrertraining und Qualifikations\u00fcberpr\u00fcfungen geschaffen.<\/p>\n\n\n\n<p>Dank der hybriden Umsetzung des Trainings konnte auch der vorhandene ARFF-Fahrzeugsimulator genutzt werden, was die Effizienz des Trainings steigert und den Verschlei\u00df sowie den Kraftstoffverbrauch minimiert.<\/p>\n\n\n\n<p>Wir erlebten gro\u00dfe Gastfreundschaft, verbrachten aufregende Tage und trafen auf aufgeschlossene und eifrige Teilnehmer.<\/p>\n\n\n\n<p>Unser Dank geht an die Flughafenfeuerwehr K\u00f6ln Bonn\/Bonn Airport.<\/p>\n\n\n\n<p><strong>Wir freuen uns auf die n\u00e4chsten Schritte!<\/strong><\/p>\n","protected":false},"excerpt":{"rendered":"<p>Acht Ausbilder nahmen an unserem ARFF-Fahrertraining teil, das speziell auf das Fahren mit Flugfeldl\u00f6schfahrzeugen zugeschnitten ist. Unser Training zielt darauf ab, die Sicherheit zu verbessern, schnelle Reaktionszeiten sicherzustellen und den Verschlei\u00df der Fahrzeuge zu reduzieren. Themen wie theoretische Grundlagen, richtige Bremsstrategien, effizientes und sicheres Kurvenfahren sowie das Reagieren auf kritische Fahrsituationen stehen im Mittelpunkt dieses [&hellip;]<\/p>\n","protected":false},"author":1,"featured_media":364050,"comment_status":"closed","ping_status":"open","sticky":false,"template":"","format":"standard","meta":{"_et_pb_use_builder":"off","_et_pb_old_content":"","_et_gb_content_width":"","footnotes":""},"categories":[42,1],"tags":[],"dipi_cpt_category":[],"class_list":["post-364037","post","type-post","status-publish","format-standard","has-post-thumbnail","hentry","category-news-2024","category-unkategorisiert"],"yoast_head":"<!-- This site is optimized with the Yoast SEO plugin v27.3 - https:\/\/yoast.com\/product\/yoast-seo-wordpress\/ -->\n<title>411 Hybrid ARFF-Fahrertraining am Flughafen K\u00f6ln Bonn - ARFF Driving Academy<\/title>\n<meta name=\"robots\" content=\"index, follow, max-snippet:-1, max-image-preview:large, max-video-preview:-1\" \/>\n<link rel=\"canonical\" href=\"https:\/\/arffda.com\/de\/411-hybrid-arff-fahrertraining-am-flughafen-koeln-bonn\/\" \/>\n<meta property=\"og:locale\" content=\"de_DE\" \/>\n<meta property=\"og:type\" content=\"article\" \/>\n<meta property=\"og:title\" content=\"411 Hybrid ARFF-Fahrertraining am Flughafen K\u00f6ln Bonn - ARFF Driving Academy\" \/>\n<meta property=\"og:description\" content=\"Acht Ausbilder nahmen an unserem ARFF-Fahrertraining teil, das speziell auf das Fahren mit Flugfeldl\u00f6schfahrzeugen zugeschnitten ist. Unser Training zielt darauf ab, die Sicherheit zu verbessern, schnelle Reaktionszeiten sicherzustellen und den Verschlei\u00df der Fahrzeuge zu reduzieren. Themen wie theoretische Grundlagen, richtige Bremsstrategien, effizientes und sicheres Kurvenfahren sowie das Reagieren auf kritische Fahrsituationen stehen im Mittelpunkt dieses [&hellip;]\" \/>\n<meta property=\"og:url\" content=\"https:\/\/arffda.com\/de\/411-hybrid-arff-fahrertraining-am-flughafen-koeln-bonn\/\" \/>\n<meta property=\"og:site_name\" content=\"ARFF Driving Academy\" \/>\n<meta property=\"article:published_time\" content=\"2024-04-23T04:59:07+00:00\" \/>\n<meta property=\"article:modified_time\" content=\"2024-04-23T05:47:24+00:00\" \/>\n<meta property=\"og:image\" content=\"https:\/\/arffda.com\/wp-content\/uploads\/2024\/04\/20240419_133147099_iOS-2-2.jpg\" \/>\n\t<meta property=\"og:image:width\" content=\"1500\" \/>\n\t<meta property=\"og:image:height\" content=\"949\" \/>\n\t<meta property=\"og:image:type\" content=\"image\/jpeg\" \/>\n<meta name=\"author\" content=\"ARFFDA\" \/>\n<meta name=\"twitter:card\" content=\"summary_large_image\" \/>\n<meta name=\"twitter:label1\" content=\"Verfasst von\" \/>\n\t<meta name=\"twitter:data1\" content=\"ARFFDA\" \/>\n\t<meta name=\"twitter:label2\" content=\"Gesch\u00e4tzte Lesezeit\" \/>\n\t<meta name=\"twitter:data2\" content=\"1\u00a0Minute\" \/>\n<script type=\"application\/ld+json\" class=\"yoast-schema-graph\">{\"@context\":\"https:\\\/\\\/schema.org\",\"@graph\":[{\"@type\":\"Article\",\"@id\":\"https:\\\/\\\/arffda.com\\\/de\\\/411-hybrid-arff-fahrertraining-am-flughafen-koeln-bonn\\\/#article\",\"isPartOf\":{\"@id\":\"https:\\\/\\\/arffda.com\\\/de\\\/411-hybrid-arff-fahrertraining-am-flughafen-koeln-bonn\\\/\"},\"author\":{\"name\":\"ARFFDA\",\"@id\":\"https:\\\/\\\/arffda.com\\\/de\\\/#\\\/schema\\\/person\\\/ebc94451736c6c1dce35746c442a1b36\"},\"headline\":\"411 Hybrid ARFF-Fahrertraining am Flughafen K\u00f6ln Bonn\",\"datePublished\":\"2024-04-23T04:59:07+00:00\",\"dateModified\":\"2024-04-23T05:47:24+00:00\",\"mainEntityOfPage\":{\"@id\":\"https:\\\/\\\/arffda.com\\\/de\\\/411-hybrid-arff-fahrertraining-am-flughafen-koeln-bonn\\\/\"},\"wordCount\":147,\"image\":{\"@id\":\"https:\\\/\\\/arffda.com\\\/de\\\/411-hybrid-arff-fahrertraining-am-flughafen-koeln-bonn\\\/#primaryimage\"},\"thumbnailUrl\":\"https:\\\/\\\/arffda.com\\\/wp-content\\\/uploads\\\/2024\\\/04\\\/20240419_133147099_iOS-2-2.jpg\",\"articleSection\":[\"News 2024\",\"Unkategorisiert\"],\"inLanguage\":\"de\"},{\"@type\":\"WebPage\",\"@id\":\"https:\\\/\\\/arffda.com\\\/de\\\/411-hybrid-arff-fahrertraining-am-flughafen-koeln-bonn\\\/\",\"url\":\"https:\\\/\\\/arffda.com\\\/de\\\/411-hybrid-arff-fahrertraining-am-flughafen-koeln-bonn\\\/\",\"name\":\"411 Hybrid ARFF-Fahrertraining am Flughafen K\u00f6ln Bonn - ARFF Driving Academy\",\"isPartOf\":{\"@id\":\"https:\\\/\\\/arffda.com\\\/de\\\/#website\"},\"primaryImageOfPage\":{\"@id\":\"https:\\\/\\\/arffda.com\\\/de\\\/411-hybrid-arff-fahrertraining-am-flughafen-koeln-bonn\\\/#primaryimage\"},\"image\":{\"@id\":\"https:\\\/\\\/arffda.com\\\/de\\\/411-hybrid-arff-fahrertraining-am-flughafen-koeln-bonn\\\/#primaryimage\"},\"thumbnailUrl\":\"https:\\\/\\\/arffda.com\\\/wp-content\\\/uploads\\\/2024\\\/04\\\/20240419_133147099_iOS-2-2.jpg\",\"datePublished\":\"2024-04-23T04:59:07+00:00\",\"dateModified\":\"2024-04-23T05:47:24+00:00\",\"author\":{\"@id\":\"https:\\\/\\\/arffda.com\\\/de\\\/#\\\/schema\\\/person\\\/ebc94451736c6c1dce35746c442a1b36\"},\"breadcrumb\":{\"@id\":\"https:\\\/\\\/arffda.com\\\/de\\\/411-hybrid-arff-fahrertraining-am-flughafen-koeln-bonn\\\/#breadcrumb\"},\"inLanguage\":\"de\",\"potentialAction\":[{\"@type\":\"ReadAction\",\"target\":[\"https:\\\/\\\/arffda.com\\\/de\\\/411-hybrid-arff-fahrertraining-am-flughafen-koeln-bonn\\\/\"]}]},{\"@type\":\"ImageObject\",\"inLanguage\":\"de\",\"@id\":\"https:\\\/\\\/arffda.com\\\/de\\\/411-hybrid-arff-fahrertraining-am-flughafen-koeln-bonn\\\/#primaryimage\",\"url\":\"https:\\\/\\\/arffda.com\\\/wp-content\\\/uploads\\\/2024\\\/04\\\/20240419_133147099_iOS-2-2.jpg\",\"contentUrl\":\"https:\\\/\\\/arffda.com\\\/wp-content\\\/uploads\\\/2024\\\/04\\\/20240419_133147099_iOS-2-2.jpg\",\"width\":1500,\"height\":949},{\"@type\":\"BreadcrumbList\",\"@id\":\"https:\\\/\\\/arffda.com\\\/de\\\/411-hybrid-arff-fahrertraining-am-flughafen-koeln-bonn\\\/#breadcrumb\",\"itemListElement\":[{\"@type\":\"ListItem\",\"position\":1,\"name\":\"Startseite\",\"item\":\"https:\\\/\\\/arffda.com\\\/de\\\/\"},{\"@type\":\"ListItem\",\"position\":2,\"name\":\"411 Hybrid ARFF-Fahrertraining am Flughafen K\u00f6ln Bonn\"}]},{\"@type\":\"WebSite\",\"@id\":\"https:\\\/\\\/arffda.com\\\/de\\\/#website\",\"url\":\"https:\\\/\\\/arffda.com\\\/de\\\/\",\"name\":\"ARFF Driving Academy\",\"description\":\"\",\"potentialAction\":[{\"@type\":\"SearchAction\",\"target\":{\"@type\":\"EntryPoint\",\"urlTemplate\":\"https:\\\/\\\/arffda.com\\\/de\\\/?s={search_term_string}\"},\"query-input\":{\"@type\":\"PropertyValueSpecification\",\"valueRequired\":true,\"valueName\":\"search_term_string\"}}],\"inLanguage\":\"de\"},{\"@type\":\"Person\",\"@id\":\"https:\\\/\\\/arffda.com\\\/de\\\/#\\\/schema\\\/person\\\/ebc94451736c6c1dce35746c442a1b36\",\"name\":\"ARFFDA\",\"image\":{\"@type\":\"ImageObject\",\"inLanguage\":\"de\",\"@id\":\"https:\\\/\\\/secure.gravatar.com\\\/avatar\\\/2132821f1c6e066cd8f7e5095864dc2e45d6b7d630b1dfe762a68ecaeb2369db?s=96&d=mm&r=g\",\"url\":\"https:\\\/\\\/secure.gravatar.com\\\/avatar\\\/2132821f1c6e066cd8f7e5095864dc2e45d6b7d630b1dfe762a68ecaeb2369db?s=96&d=mm&r=g\",\"contentUrl\":\"https:\\\/\\\/secure.gravatar.com\\\/avatar\\\/2132821f1c6e066cd8f7e5095864dc2e45d6b7d630b1dfe762a68ecaeb2369db?s=96&d=mm&r=g\",\"caption\":\"ARFFDA\"},\"sameAs\":[\"https:\\\/\\\/arffda.com\"],\"url\":\"https:\\\/\\\/arffda.com\\\/de\\\/author\\\/q-onsult_arffda\\\/\"}]}<\/script>\n<!-- \/ Yoast SEO plugin. -->","yoast_head_json":{"title":"411 Hybrid ARFF-Fahrertraining am Flughafen K\u00f6ln Bonn - ARFF Driving Academy","robots":{"index":"index","follow":"follow","max-snippet":"max-snippet:-1","max-image-preview":"max-image-preview:large","max-video-preview":"max-video-preview:-1"},"canonical":"https:\/\/arffda.com\/de\/411-hybrid-arff-fahrertraining-am-flughafen-koeln-bonn\/","og_locale":"de_DE","og_type":"article","og_title":"411 Hybrid ARFF-Fahrertraining am Flughafen K\u00f6ln Bonn - ARFF Driving Academy","og_description":"Acht Ausbilder nahmen an unserem ARFF-Fahrertraining teil, das speziell auf das Fahren mit Flugfeldl\u00f6schfahrzeugen zugeschnitten ist. Unser Training zielt darauf ab, die Sicherheit zu verbessern, schnelle Reaktionszeiten sicherzustellen und den Verschlei\u00df der Fahrzeuge zu reduzieren. Themen wie theoretische Grundlagen, richtige Bremsstrategien, effizientes und sicheres Kurvenfahren sowie das Reagieren auf kritische Fahrsituationen stehen im Mittelpunkt dieses [&hellip;]","og_url":"https:\/\/arffda.com\/de\/411-hybrid-arff-fahrertraining-am-flughafen-koeln-bonn\/","og_site_name":"ARFF Driving Academy","article_published_time":"2024-04-23T04:59:07+00:00","article_modified_time":"2024-04-23T05:47:24+00:00","og_image":[{"width":1500,"height":949,"url":"https:\/\/arffda.com\/wp-content\/uploads\/2024\/04\/20240419_133147099_iOS-2-2.jpg","type":"image\/jpeg"}],"author":"ARFFDA","twitter_card":"summary_large_image","twitter_misc":{"Verfasst von":"ARFFDA","Gesch\u00e4tzte Lesezeit":"1\u00a0Minute"},"schema":{"@context":"https:\/\/schema.org","@graph":[{"@type":"Article","@id":"https:\/\/arffda.com\/de\/411-hybrid-arff-fahrertraining-am-flughafen-koeln-bonn\/#article","isPartOf":{"@id":"https:\/\/arffda.com\/de\/411-hybrid-arff-fahrertraining-am-flughafen-koeln-bonn\/"},"author":{"name":"ARFFDA","@id":"https:\/\/arffda.com\/de\/#\/schema\/person\/ebc94451736c6c1dce35746c442a1b36"},"headline":"411 Hybrid ARFF-Fahrertraining am Flughafen K\u00f6ln Bonn","datePublished":"2024-04-23T04:59:07+00:00","dateModified":"2024-04-23T05:47:24+00:00","mainEntityOfPage":{"@id":"https:\/\/arffda.com\/de\/411-hybrid-arff-fahrertraining-am-flughafen-koeln-bonn\/"},"wordCount":147,"image":{"@id":"https:\/\/arffda.com\/de\/411-hybrid-arff-fahrertraining-am-flughafen-koeln-bonn\/#primaryimage"},"thumbnailUrl":"https:\/\/arffda.com\/wp-content\/uploads\/2024\/04\/20240419_133147099_iOS-2-2.jpg","articleSection":["News 2024","Unkategorisiert"],"inLanguage":"de"},{"@type":"WebPage","@id":"https:\/\/arffda.com\/de\/411-hybrid-arff-fahrertraining-am-flughafen-koeln-bonn\/","url":"https:\/\/arffda.com\/de\/411-hybrid-arff-fahrertraining-am-flughafen-koeln-bonn\/","name":"411 Hybrid ARFF-Fahrertraining am Flughafen K\u00f6ln Bonn - ARFF Driving Academy","isPartOf":{"@id":"https:\/\/arffda.com\/de\/#website"},"primaryImageOfPage":{"@id":"https:\/\/arffda.com\/de\/411-hybrid-arff-fahrertraining-am-flughafen-koeln-bonn\/#primaryimage"},"image":{"@id":"https:\/\/arffda.com\/de\/411-hybrid-arff-fahrertraining-am-flughafen-koeln-bonn\/#primaryimage"},"thumbnailUrl":"https:\/\/arffda.com\/wp-content\/uploads\/2024\/04\/20240419_133147099_iOS-2-2.jpg","datePublished":"2024-04-23T04:59:07+00:00","dateModified":"2024-04-23T05:47:24+00:00","author":{"@id":"https:\/\/arffda.com\/de\/#\/schema\/person\/ebc94451736c6c1dce35746c442a1b36"},"breadcrumb":{"@id":"https:\/\/arffda.com\/de\/411-hybrid-arff-fahrertraining-am-flughafen-koeln-bonn\/#breadcrumb"},"inLanguage":"de","potentialAction":[{"@type":"ReadAction","target":["https:\/\/arffda.com\/de\/411-hybrid-arff-fahrertraining-am-flughafen-koeln-bonn\/"]}]},{"@type":"ImageObject","inLanguage":"de","@id":"https:\/\/arffda.com\/de\/411-hybrid-arff-fahrertraining-am-flughafen-koeln-bonn\/#primaryimage","url":"https:\/\/arffda.com\/wp-content\/uploads\/2024\/04\/20240419_133147099_iOS-2-2.jpg","contentUrl":"https:\/\/arffda.com\/wp-content\/uploads\/2024\/04\/20240419_133147099_iOS-2-2.jpg","width":1500,"height":949},{"@type":"BreadcrumbList","@id":"https:\/\/arffda.com\/de\/411-hybrid-arff-fahrertraining-am-flughafen-koeln-bonn\/#breadcrumb","itemListElement":[{"@type":"ListItem","position":1,"name":"Startseite","item":"https:\/\/arffda.com\/de\/"},{"@type":"ListItem","position":2,"name":"411 Hybrid ARFF-Fahrertraining am Flughafen K\u00f6ln Bonn"}]},{"@type":"WebSite","@id":"https:\/\/arffda.com\/de\/#website","url":"https:\/\/arffda.com\/de\/","name":"ARFF Driving Academy","description":"","potentialAction":[{"@type":"SearchAction","target":{"@type":"EntryPoint","urlTemplate":"https:\/\/arffda.com\/de\/?s={search_term_string}"},"query-input":{"@type":"PropertyValueSpecification","valueRequired":true,"valueName":"search_term_string"}}],"inLanguage":"de"},{"@type":"Person","@id":"https:\/\/arffda.com\/de\/#\/schema\/person\/ebc94451736c6c1dce35746c442a1b36","name":"ARFFDA","image":{"@type":"ImageObject","inLanguage":"de","@id":"https:\/\/secure.gravatar.com\/avatar\/2132821f1c6e066cd8f7e5095864dc2e45d6b7d630b1dfe762a68ecaeb2369db?s=96&d=mm&r=g","url":"https:\/\/secure.gravatar.com\/avatar\/2132821f1c6e066cd8f7e5095864dc2e45d6b7d630b1dfe762a68ecaeb2369db?s=96&d=mm&r=g","contentUrl":"https:\/\/secure.gravatar.com\/avatar\/2132821f1c6e066cd8f7e5095864dc2e45d6b7d630b1dfe762a68ecaeb2369db?s=96&d=mm&r=g","caption":"ARFFDA"},"sameAs":["https:\/\/arffda.com"],"url":"https:\/\/arffda.com\/de\/author\/q-onsult_arffda\/"}]}},"_links":{"self":[{"href":"https:\/\/arffda.com\/de\/wp-json\/wp\/v2\/posts\/364037","targetHints":{"allow":["GET"]}}],"collection":[{"href":"https:\/\/arffda.com\/de\/wp-json\/wp\/v2\/posts"}],"about":[{"href":"https:\/\/arffda.com\/de\/wp-json\/wp\/v2\/types\/post"}],"author":[{"embeddable":true,"href":"https:\/\/arffda.com\/de\/wp-json\/wp\/v2\/users\/1"}],"replies":[{"embeddable":true,"href":"https:\/\/arffda.com\/de\/wp-json\/wp\/v2\/comments?post=364037"}],"version-history":[{"count":1,"href":"https:\/\/arffda.com\/de\/wp-json\/wp\/v2\/posts\/364037\/revisions"}],"predecessor-version":[{"id":364040,"href":"https:\/\/arffda.com\/de\/wp-json\/wp\/v2\/posts\/364037\/revisions\/364040"}],"wp:featuredmedia":[{"embeddable":true,"href":"https:\/\/arffda.com\/de\/wp-json\/wp\/v2\/media\/364050"}],"wp:attachment":[{"href":"https:\/\/arffda.com\/de\/wp-json\/wp\/v2\/media?parent=364037"}],"wp:term":[{"taxonomy":"category","embeddable":true,"href":"https:\/\/arffda.com\/de\/wp-json\/wp\/v2\/categories?post=364037"},{"taxonomy":"post_tag","embeddable":true,"href":"https:\/\/arffda.com\/de\/wp-json\/wp\/v2\/tags?post=364037"},{"taxonomy":"dipi_cpt_category","embeddable":true,"href":"https:\/\/arffda.com\/de\/wp-json\/wp\/v2\/dipi_cpt_category?post=364037"}],"curies":[{"name":"wp","href":"https:\/\/api.w.org\/{rel}","templated":true}]}}